{"id":302,"date":"2016-09-12T12:50:52","date_gmt":"2016-09-12T10:50:52","guid":{"rendered":"http:\/\/meyerundkuhl.de\/?p=302"},"modified":"2021-06-23T11:03:27","modified_gmt":"2021-06-23T09:03:27","slug":"outdoor-spezialist-schoeffel-lowa-startet-gemeinsam-mit-meyerundkuhl-spezialwaeschen-pfc-freien-impraegnierservice","status":"publish","type":"post","link":"https:\/\/meyerundkuhl.de\/en\/outdoor-spezialist-schoeffel-lowa-startet-gemeinsam-mit-meyerundkuhl-spezialwaeschen-pfc-freien-impraegnierservice\/","title":{"rendered":"Outdoor-Spezialist Sch\u00f6ffel-LOWA startet gemeinsam mit MeyerundKuhl Spezialw\u00e4schen PFC-freien Impr\u00e4gnierservice"},"content":{"rendered":"<p style=\"text-align: right;\">\u00a9 Sch\u00f6ffel<\/p>\n<p>Seit dem 01.09.2016 bietet der Outdoor-Spezialist Sch\u00f6ffel den umweltfreundlichen PFC-freien Impr\u00e4gnierservice von MeyerundKuhl Spezialw\u00e4schen in Sch\u00f6ffel-LOWA Stores in Deutschland, \u00d6sterreich und Italien an.<\/p>\n<p>Besitzer von feuchtigkeits- und schmutzabweisender Sch\u00f6ffel Outdoorbekleidung k\u00f6nnen damit ein Verfahren zur Re-Impr\u00e4gnierung nutzen, das ohne die Verwendung von umweltsch\u00e4dlichen poly- und perfluorierten Chemikalien, kurz PFC, auskommt. Das innovative Waschverfahren sorgt f\u00fcr professionelle Sauberkeit in Verbindung mit einem erstklassigen Impr\u00e4gnier-Ergebnis, das mit der Wasserabweisung einer neuen Jacke mithalten kann.<\/p>\n<p>Sch\u00f6ffel-LOWA macht damit einen weiteren konsequenten Schritt im Bereich der Nachhaltigkeit. Interessierte Kunden k\u00f6nnen ihre Funktionsbekleidung ab September in jedem Sch\u00f6ffel-LOWA Store abgeben und nach wenigen Tagen gewaschen und impr\u00e4gniert wieder abholen.<\/p>\n<p>Was die wenigsten Kunden wissen: Durch das Tragen und Waschen der Kleidungsst\u00fccke l\u00e4sst die Original-Impr\u00e4gnierung \u2013 und damit der \u201eAbperl-Effekt\u201c von Wasser und Schmutz \u2013 mit der Zeit nach. Um die wasserabweisenden und atmungsaktiven Eigenschaften der Outdoorkleidung zu erhalten oder nach l\u00e4ngerem Gebrauch zu reaktivieren, ist eine besondere Pflege notwendig. Mit der Spezial-Pflege f\u00fcr Funktionstextilien bleibt die volle Funktionalit\u00e4t erhalten und die Nutzungsdauer der Ausr\u00fcstung verl\u00e4ngert sich.<\/p>\n<p><a href=\"https:\/\/meyerundkuhl.de\/wp-content\/uploads\/2016\/09\/PM_Zusammenarbeit-Sch\u00f6ffel-und-MuK_08-2016_final.pdf\">Klicken Sie hier um die Pressemitteilung zu lesen<\/a><\/p>\n","protected":false},"excerpt":{"rendered":"<p>\u00a9 Sch\u00f6ffel Seit dem 01.09.2016 bietet der Outdoor-Spezialist Sch\u00f6ffel den umweltfreundlichen PFC-freien Impr\u00e4gnierservice von MeyerundKuhl Spezialw\u00e4schen in Sch\u00f6ffel-LOWA Stores in Deutschland, \u00d6sterreich und Italien an. Besitzer von feuchtigkeits- und schmutzabweisender Sch\u00f6ffel Outdoorbekleidung k\u00f6nnen damit ein Verfahren zur Re-Impr\u00e4gnierung nutzen, das ohne die Verwendung von umweltsch\u00e4dlichen poly- und perfluorierten Chemikalien, kurz <a class=\"read-more\" href=\"https:\/\/meyerundkuhl.de\/en\/outdoor-spezialist-schoeffel-lowa-startet-gemeinsam-mit-meyerundkuhl-spezialwaeschen-pfc-freien-impraegnierservice\/\">Read More<\/a><\/p>\n","protected":false},"author":5,"featured_media":863,"comment_status":"closed","ping_status":"closed","sticky":false,"template":"","format":"standard","meta":{"footnotes":""},"categories":[10],"tags":[17,21],"class_list":["post-302","post","type-post","status-publish","format-standard","has-post-thumbnail","hentry","category-outdoorbekleidung","tag-outdoor","tag-schoeffel-lowa"],"translation":{"provider":"WPGlobus","version":"3.0.2","language":"en","enabled_languages":["de","en"],"languages":{"de":{"title":true,"content":true,"excerpt":false},"en":{"title":false,"content":false,"excerpt":false}}},"aioseo_notices":[],"publishpress_future_action":{"enabled":false,"date":"2026-05-05 13:46:18","action":"change-status","newStatus":"draft","terms":[],"taxonomy":"category","extraData":[]},"publishpress_future_workflow_manual_trigger":{"enabledWorkflows":[]},"_links":{"self":[{"href":"https:\/\/meyerundkuhl.de\/en\/wp-json\/wp\/v2\/posts\/302","targetHints":{"allow":["GET"]}}],"collection":[{"href":"https:\/\/meyerundkuhl.de\/en\/wp-json\/wp\/v2\/posts"}],"about":[{"href":"https:\/\/meyerundkuhl.de\/en\/wp-json\/wp\/v2\/types\/post"}],"author":[{"embeddable":true,"href":"https:\/\/meyerundkuhl.de\/en\/wp-json\/wp\/v2\/users\/5"}],"replies":[{"embeddable":true,"href":"https:\/\/meyerundkuhl.de\/en\/wp-json\/wp\/v2\/comments?post=302"}],"version-history":[{"count":11,"href":"https:\/\/meyerundkuhl.de\/en\/wp-json\/wp\/v2\/posts\/302\/revisions"}],"predecessor-version":[{"id":1586,"href":"https:\/\/meyerundkuhl.de\/en\/wp-json\/wp\/v2\/posts\/302\/revisions\/1586"}],"wp:featuredmedia":[{"embeddable":true,"href":"https:\/\/meyerundkuhl.de\/en\/wp-json\/wp\/v2\/media\/863"}],"wp:attachment":[{"href":"https:\/\/meyerundkuhl.de\/en\/wp-json\/wp\/v2\/media?parent=302"}],"wp:term":[{"taxonomy":"category","embeddable":true,"href":"https:\/\/meyerundkuhl.de\/en\/wp-json\/wp\/v2\/categories?post=302"},{"taxonomy":"post_tag","embeddable":true,"href":"https:\/\/meyerundkuhl.de\/en\/wp-json\/wp\/v2\/tags?post=302"}],"curies":[{"name":"wp","href":"https:\/\/api.w.org\/{rel}","templated":true}]}}