{"id":247,"date":"2015-12-20T12:13:40","date_gmt":"2015-12-20T10:13:40","guid":{"rendered":"http:\/\/meyerundkuhl.de\/?p=247"},"modified":"2019-02-25T13:56:43","modified_gmt":"2019-02-25T11:56:43","slug":"dritter-platz-beim-innovationspreis-2015","status":"publish","type":"post","link":"https:\/\/meyerundkuhl.de\/en\/dritter-platz-beim-innovationspreis-2015\/","title":{"rendered":"MeyerundKuhl erh\u00e4lt dritten Platz beim Innovationspreis 2015 der Wirtschaftsregion G\u00f6ttingen"},"content":{"rendered":"<p>Mit dem Innovationspreis k\u00fcrrt der Landkreis G\u00f6ttingen allj\u00e4hrlich die zukunftsweisensten Gesch\u00e4fts- und Produktideen aus der Region. In diesem Jahr konnte sich die MeyerundKuhl Spezialw\u00e4schen GmbH im Wettbewerb gegen starke Konkurrenz in der Kategorie \u201eGr\u00fcnderInnen und JungunternehmerInnen\u201c mit ihrem bundesweiten Service der PFC-freien Re-Impr\u00e4gnierung von Funktionstextilien durchsetzen. Unser Bewerbungsvideo zum Innovationspreis finden Sie <a href=\"https:\/\/youtu.be\/P_hMnfkEx4Q\" target=\"_blank\" rel=\"noopener\">hier<\/a> auf YouTube.<\/p>\n","protected":false},"excerpt":{"rendered":"<p>Mit dem Innovationspreis k\u00fcrrt der Landkreis G\u00f6ttingen allj\u00e4hrlich die zukunftsweisensten Gesch\u00e4fts- und Produktideen aus der Region. In diesem Jahr konnte sich die MeyerundKuhl Spezialw\u00e4schen GmbH im Wettbewerb gegen starke Konkurrenz in der Kategorie \u201eGr\u00fcnderInnen und JungunternehmerInnen\u201c mit ihrem bundesweiten Service der PFC-freien Re-Impr\u00e4gnierung von Funktionstextilien durchsetzen. Unser Bewerbungsvideo zum Innovationspreis <a class=\"read-more\" href=\"https:\/\/meyerundkuhl.de\/en\/dritter-platz-beim-innovationspreis-2015\/\">Read More<\/a><\/p>\n","protected":false},"author":5,"featured_media":225,"comment_status":"closed","ping_status":"closed","sticky":false,"template":"","format":"standard","meta":{"footnotes":""},"categories":[1],"tags":[25],"class_list":["post-247","post","type-post","status-publish","format-standard","has-post-thumbnail","hentry","category-allgemein","tag-goettinger-innovationspreis"],"translation":{"provider":"WPGlobus","version":"3.0.2","language":"en","enabled_languages":["de","en"],"languages":{"de":{"title":true,"content":true,"excerpt":false},"en":{"title":false,"content":false,"excerpt":false}}},"aioseo_notices":[],"publishpress_future_action":{"enabled":false,"date":"2026-05-07 12:12:27","action":"change-status","newStatus":"draft","terms":[],"taxonomy":"category","extraData":[]},"publishpress_future_workflow_manual_trigger":{"enabledWorkflows":[]},"_links":{"self":[{"href":"https:\/\/meyerundkuhl.de\/en\/wp-json\/wp\/v2\/posts\/247","targetHints":{"allow":["GET"]}}],"collection":[{"href":"https:\/\/meyerundkuhl.de\/en\/wp-json\/wp\/v2\/posts"}],"about":[{"href":"https:\/\/meyerundkuhl.de\/en\/wp-json\/wp\/v2\/types\/post"}],"author":[{"embeddable":true,"href":"https:\/\/meyerundkuhl.de\/en\/wp-json\/wp\/v2\/users\/5"}],"replies":[{"embeddable":true,"href":"https:\/\/meyerundkuhl.de\/en\/wp-json\/wp\/v2\/comments?post=247"}],"version-history":[{"count":14,"href":"https:\/\/meyerundkuhl.de\/en\/wp-json\/wp\/v2\/posts\/247\/revisions"}],"predecessor-version":[{"id":1195,"href":"https:\/\/meyerundkuhl.de\/en\/wp-json\/wp\/v2\/posts\/247\/revisions\/1195"}],"wp:featuredmedia":[{"embeddable":true,"href":"https:\/\/meyerundkuhl.de\/en\/wp-json\/wp\/v2\/media\/225"}],"wp:attachment":[{"href":"https:\/\/meyerundkuhl.de\/en\/wp-json\/wp\/v2\/media?parent=247"}],"wp:term":[{"taxonomy":"category","embeddable":true,"href":"https:\/\/meyerundkuhl.de\/en\/wp-json\/wp\/v2\/categories?post=247"},{"taxonomy":"post_tag","embeddable":true,"href":"https:\/\/meyerundkuhl.de\/en\/wp-json\/wp\/v2\/tags?post=247"}],"curies":[{"name":"wp","href":"https:\/\/api.w.org\/{rel}","templated":true}]}}