{"id":1357,"date":"2020-03-29T12:49:48","date_gmt":"2020-03-29T10:49:48","guid":{"rendered":"https:\/\/meyerundkuhl.de\/?p=1357"},"modified":"2021-06-23T08:45:43","modified_gmt":"2021-06-23T06:45:43","slug":"covid-19-eine-zusaetzliche-gefahr-fuer-einsatzkraefte-nach-dem-einsatz-durch-infektioese-psa","status":"publish","type":"post","link":"https:\/\/meyerundkuhl.de\/en\/covid-19-eine-zusaetzliche-gefahr-fuer-einsatzkraefte-nach-dem-einsatz-durch-infektioese-psa\/","title":{"rendered":"COVID-19: Eine zus\u00e4tzliche Gefahr f\u00fcr Einsatzkr\u00e4fte nach dem Einsatz durch infekti\u00f6se PSA!"},"content":{"rendered":"\n<p>Tipps zum richtigen Umgang von verschmutzter Einsatzbekleidung.<\/p>\n\n\n\n<p>Einsatzkr\u00e4fte\nk\u00f6nnen in Zeiten der Pandemie in direkten Kontakt mit best\u00e4tigten COVID-19 Personen\noder Verdachtsf\u00e4llen kommen. Daher gilt es in dieser Zeit noch mehr die\nEinsatzstellenhygiene zu beachten. Die Rettungskr\u00e4fte sollten sich\nausreichender Hygienema\u00dfnahmen (Desinfektion\/Waschen) unterziehen. Dazu geh\u00f6rt\nauch die Behandlung von infekti\u00f6ser Pers\u00f6nlicher Schutzausr\u00fcstung (PSA).<\/p>\n\n\n\n<p>Nicht verschmutzte\nund infekti\u00f6se PSA k\u00f6nnte man theoretisch direkt nach dem Einsatz durch Vor Ort\nDesinfektionen wieder einsatzf\u00e4hig machen. Allerdings gilt es hier auch\nHygienevorschriften zu beachten. Daher schlie\u00dfen wir uns den Empfehlungen des\nRobert-Koch-Instituts an, wonach COVID-19 infizierte Textilien und W\u00e4sche\n\u201ceinem desinfizierenden W\u00e4schedesinfektionsverfahren gem\u00e4\u00df RKI-Liste zugef\u00fchrt\nwerden\u201d sollen. Die \u00dcbertragungsm\u00f6glichkeiten \u00fcber Oberfl\u00e4chen h\u00e4ngen allerdings\nvon vielen verschiedenen Faktoren ab. Ein Nachweis aus der Realsituation ist\nschwierig.<\/p>\n\n\n\n<p>Verschmutzte\nund gegebenenfalls infekti\u00f6se PSA muss daher sofort vom Tr\u00e4ger getrennt und\nsicher mit entsprechendem Know-how an den Ort der Reinigung verbracht werden,\num eine Verschleppung der Viren an andere schon an der Einsatzstelle zu\nunterbinden. PSA die verschmutzt ist, k\u00f6nnte auch das Coronavirus enthalten! Verschmutze\nW\u00e4sche sollte daher gerade in der Pandemiezeit nicht ungesch\u00fctzt per Hand\ntransportiert oder gereinigt werden! In der Verschmutzung k\u00f6nnten Viren\nanhaften, die eine l\u00e4ngere Lebensdauer haben k\u00f6nnen, als bei einer trockenen,\ngereinigten PSA. Entsprechende Transportmittel &#8211; wie der PSA-W\u00e4schebeutel oder\nwasserl\u00f6sliche Beutel &#8211; sind zu verwenden.<\/p>\n\n\n\n<p>Wenn man infekti\u00f6se PSA selber sofort reinigt, setzt man sich und andere evtl. einem untersch\u00e4tzten Folgerisiko aus. Wird durch den unsachgem\u00e4\u00dfen Umgang verschmutzter PSA eine Infektionskette bei den Einsatzkr\u00e4ften ausgel\u00f6st, ist die Einsatzbereitschaft gef\u00e4hrdet, der Nachweis des Infektionsverlaufs aber schwierig. Daher sollte nach dem Einsatz die Prinzipien der Einsatzstellenhygiene beachtet werden und die PSA sicherheitshalber durch einen professionellen Betrieb gereinigt werden, in dem auch eine Desinfektion der PSA \u00fcblich ist. Zur Unterst\u00fctzung der Einsatzf\u00e4higkeit unserer Einsatzkr\u00e4fte f\u00fchrt MeyerundKuhl bei der Reinigung jeder PSA die Desinfektion z.B. ohne Zusatzkosten aus!<\/p>\n\n\n\n<p>Hinweis: Bei Eigenw\u00e4sche ist zu beachten, dass die Lebensdauer der\nTextilie durch zu starke mechanische Belastung oder zu hoch dosierter\nDesinfektionsmittel beeintr\u00e4chtigt sein kann. Dies sollte nur in Ausnahmef\u00e4llen\nbei einer derartigen Verschmutzung erfolgen. Industrieprozesse schonen die PSA!<\/p>\n\n\n\n<p>Text zum Download: <a href=\"https:\/\/meyerundkuhl.de\/wp-content\/uploads\/2020\/03\/COVID-PSA.pdf\">COVID-19-Hinweise-PSA.pdf<\/a><\/p>\n","protected":false},"excerpt":{"rendered":"<p>Tipps zum richtigen Umgang von verschmutzter Einsatzbekleidung. Einsatzkr\u00e4fte k\u00f6nnen in Zeiten der Pandemie in direkten Kontakt mit best\u00e4tigten COVID-19 Personen oder Verdachtsf\u00e4llen kommen. Daher gilt es in dieser Zeit noch mehr die Einsatzstellenhygiene zu beachten. Die Rettungskr\u00e4fte sollten sich ausreichender Hygienema\u00dfnahmen (Desinfektion\/Waschen) unterziehen. Dazu geh\u00f6rt auch die Behandlung von infekti\u00f6ser <a class=\"read-more\" href=\"https:\/\/meyerundkuhl.de\/en\/covid-19-eine-zusaetzliche-gefahr-fuer-einsatzkraefte-nach-dem-einsatz-durch-infektioese-psa\/\">Read More<\/a><\/p>\n","protected":false},"author":8,"featured_media":1366,"comment_status":"closed","ping_status":"closed","sticky":false,"template":"","format":"standard","meta":{"footnotes":""},"categories":[49],"tags":[51,40],"class_list":["post-1357","post","type-post","status-publish","format-standard","has-post-thumbnail","hentry","category-persoenliche-schutzausruestung","tag-persoenliche-schutzausruestung","tag-pflegeservice"],"translation":{"provider":"WPGlobus","version":"3.0.2","language":"en","enabled_languages":["de","en"],"languages":{"de":{"title":true,"content":true,"excerpt":false},"en":{"title":false,"content":false,"excerpt":false}}},"aioseo_notices":[],"publishpress_future_action":{"enabled":false,"date":"2026-05-08 17:18:57","action":"change-status","newStatus":"draft","terms":[],"taxonomy":"category","extraData":[]},"publishpress_future_workflow_manual_trigger":{"enabledWorkflows":[]},"_links":{"self":[{"href":"https:\/\/meyerundkuhl.de\/en\/wp-json\/wp\/v2\/posts\/1357","targetHints":{"allow":["GET"]}}],"collection":[{"href":"https:\/\/meyerundkuhl.de\/en\/wp-json\/wp\/v2\/posts"}],"about":[{"href":"https:\/\/meyerundkuhl.de\/en\/wp-json\/wp\/v2\/types\/post"}],"author":[{"embeddable":true,"href":"https:\/\/meyerundkuhl.de\/en\/wp-json\/wp\/v2\/users\/8"}],"replies":[{"embeddable":true,"href":"https:\/\/meyerundkuhl.de\/en\/wp-json\/wp\/v2\/comments?post=1357"}],"version-history":[{"count":9,"href":"https:\/\/meyerundkuhl.de\/en\/wp-json\/wp\/v2\/posts\/1357\/revisions"}],"predecessor-version":[{"id":1387,"href":"https:\/\/meyerundkuhl.de\/en\/wp-json\/wp\/v2\/posts\/1357\/revisions\/1387"}],"wp:featuredmedia":[{"embeddable":true,"href":"https:\/\/meyerundkuhl.de\/en\/wp-json\/wp\/v2\/media\/1366"}],"wp:attachment":[{"href":"https:\/\/meyerundkuhl.de\/en\/wp-json\/wp\/v2\/media?parent=1357"}],"wp:term":[{"taxonomy":"category","embeddable":true,"href":"https:\/\/meyerundkuhl.de\/en\/wp-json\/wp\/v2\/categories?post=1357"},{"taxonomy":"post_tag","embeddable":true,"href":"https:\/\/meyerundkuhl.de\/en\/wp-json\/wp\/v2\/tags?post=1357"}],"curies":[{"name":"wp","href":"https:\/\/api.w.org\/{rel}","templated":true}]}}